{"id":562,"date":"2021-05-05T10:00:00","date_gmt":"2021-05-05T10:00:00","guid":{"rendered":"https:\/\/lektueren-verstehen.de\/infothek\/?p=562"},"modified":"2021-05-04T12:55:45","modified_gmt":"2021-05-04T12:55:45","slug":"bertolt-brecht","status":"publish","type":"post","link":"https:\/\/lektueren-verstehen.de\/infothek\/autorenportraets\/bertolt-brecht\/","title":{"rendered":"Bertolt Brecht"},"content":{"rendered":"\n<h2 class=\"has-black-color has-text-color wp-block-heading\">Fakten \u00fcber Bertolt Brecht<\/h2>\n\n\n\n<p class=\"has-black-color has-text-color\">* 10. Februar 1898 in Augsburg (Bayern)<br>\u2020 14. August 1956 in Berlin<\/p>\n\n\n\n<h2 class=\"has-black-color has-text-color wp-block-heading\">Sein Leben<\/h2>\n\n\n\n<p class=\"has-black-color has-text-color\">Am 10. Februar 1898 wurde der Literat Bertolt Brecht als Sohn eines Papierfabrikanten in Augsburg geboren. 1904 ging er auf die Volksschule. 1908 besuchte er das Realgymnasium. 1914 erschienen seine ersten Gedichte. 1916 schrieb er einen pazifistischen Schulaufsatz, der fast die Entlassung Brechts aus der Schule zur Folge hatte. Ein Jahr sp\u00e4ter machte er sein Notabitur und schrieb sich in der Universit\u00e4t in M\u00fcnchen ein.<\/p>\n\n\n\n<p class=\"has-black-color has-text-color\"><br>1918 befreundete er sich mit Lion Feuchtwanger. 1919 wurden die <em>Trommeln in der Nacht<\/em> ver\u00f6ffentlicht, f\u00fcr die er 1922 den Kleist-Preis erhielt. 1923 wurde Brecht Dramaturg an den M\u00fcnchener Kammerspielen. 1924 \u00fcbersiedelte er nach Berlin und arbeitet dort gemeinsam mit Feuchtwanger als Dramaturg. Dort besch\u00e4ftigte er sich auch intensiv mit dem Marxismus.<\/p>\n\n\n\n<p class=\"has-black-color has-text-color\"><br>1933 wurde die Auff\u00fchrung seiner St\u00fccke in Deutschland verboten. Am Tag nach dem Reichstagsbrand floh er \u00fcber Prag nach Z\u00fcrich. Am 10.5.1933 wurden Brechts B\u00fccher durch die Nationalsozialisten \u00f6ffentlich verbrannt. Nach einem kurzen Parisaufenthalt reiste er weiter nach Svendborg (D\u00e4nemark). 1935 wurde er von den Nationalsozialisten ausgeb\u00fcrgert. 1938 entstanden zwei seiner bekanntesten Dramen: <em><a href=\"https:\/\/lektueren-verstehen.de\/bertolt+brecht\/leben+des+galilei\/\" target=\"_blank\" rel=\"noreferrer noopener\">Leben des Galilei<\/a><\/em> und <em>Der gute Mensch von Sezuan<\/em>. Brecht emigrierte nach Schweden und floh \u00fcber Moskau in die USA.<\/p>\n\n\n\n<p class=\"has-black-color has-text-color\"><br>1947 kehrte er nach Europa zur\u00fcck und besuchte zuerst Paris, dann Z\u00fcrich. 1948 lie\u00df er sich in einem Haus am Z\u00fcrcher See nieder. Eine Einb\u00fcrgerung in Westdeutschland blieb ihm versagt. Er \u00fcbersiedelte nach Ost-Berlin und gr\u00fcndete 1949 zusammen mit Helene Weigel das <em>Berliner Ensemble<\/em>. Bertolt Brecht starb am 14. August 1956.<\/p>\n\n\n\n<h2 class=\"has-black-color has-text-color wp-block-heading\">Seine Werke<\/h2>\n\n\n\n<ul class=\"has-black-color has-text-color wp-block-list\"><li>Legende vom toten Soldaten (1918)<\/li><li>Baal (1918)<\/li><li>Trommeln in der Nacht (1919)<\/li><li>Im Dickicht der St\u00e4dte (1923)<\/li><li>Hauspostille (1927)<\/li><li><a href=\"https:\/\/lektueren-verstehen.de\/bertolt+brecht\/die+dreigroschenoper\/\" target=\"_blank\" rel=\"noreferrer noopener\">Dreigroschenoper<\/a> (1928)<\/li><li>Aufstieg und Fall der Stadt Mahagonny (1928\/29)<\/li><li>Der Jasager und der Neinsager (1929\/30)<\/li><li><a href=\"https:\/\/lektueren-verstehen.de\/bertolt+brecht\/die+heilige+johanna+der+schlachth%C3%B6fe\/\" target=\"_blank\" rel=\"noreferrer noopener\">Die heilige Johanna der Schlachth\u00f6fe<\/a> (1929\/30)<\/li><li>Geschichten vom Herrn Keuner (1930)<\/li><li>Dreigroschenroman (1934)<\/li><li>F\u00fcnf Schwierigkeiten beim Schreiben der Wahrheit (1935)<\/li><li>Die Gewehre der Frau Carrar (1937)<\/li><li><a href=\"https:\/\/lektueren-verstehen.de\/bertolt+brecht\/leben+des+galilei\/\" target=\"_blank\" rel=\"noreferrer noopener\">Leben des Galilei<\/a> (1938)<\/li><li>Der gute Mensch von Sezuan (1938\/39)<\/li><li>Mutter Courage und ihre Kinder (1939)<\/li><li>Svendborger Gedichte (1939)<\/li><li>Herr Puntila und sein Knecht Matti (1940)<\/li><li>Der aufhaltsame Aufstieg des Arturo Ui (1941)<\/li><li>Der kaukasische Kreidekreis (1944\/45)<\/li><li>Kleines Organon f\u00fcr das Theater (1948)<\/li><li>Kalendergeschichten (1948)<\/li><li>Buckower Elegien (1954)<\/li><\/ul>\n\n\n\n<p class=\"has-black-color has-text-color\">Solltet ihr Fragen zum Blogartikel haben, schreibt sie uns einfach in die Kommentare und wir werden euch diese schnellstm\u00f6glich beantworten.<\/p>\n\n\n\n<p class=\"has-black-color has-text-color has-small-font-size\">Bibliographie:<\/p>\n\n\n\n<ul class=\"has-black-color has-text-color has-small-font-size wp-block-list\"><li><strong>Kesting<\/strong>, Marianne: <em>Bertolt Brecht<\/em>. 40. Aufl. Hamburg 2001. Rowohlt.<\/li><li><strong>Knopf<\/strong>, Jan: <em>Bertolt Brecht<\/em>. Stuttgart 2000. Reclam.<\/li><li><strong>Knopf<\/strong>, Jan: <em>Brecht-Handbuch<\/em>. 2 Bd. Stuttgart 1984. Metzler.<\/li><\/ul>\n\n\n\n<p><\/p>\n","protected":false},"excerpt":{"rendered":"<p>Fakten \u00fcber Bertolt Brecht * 10. Februar 1898 in Augsburg (Bayern)\u2020 14. August 1956 in Berlin Sein Leben Am 10. Februar 1898 wurde der Literat Bertolt Brecht als Sohn eines Papierfabrikanten in Augsburg geboren. 1904 ging er auf die Volksschule. 1908 besuchte er das Realgymnasium. 1914 erschienen seine ersten Gedichte. 1916 schrieb er einen pazifistischen [&hellip;]<\/p>\n","protected":false},"author":1,"featured_media":565,"comment_status":"open","ping_status":"open","sticky":false,"template":"","format":"standard","meta":{"_et_pb_use_builder":"","_et_pb_old_content":"","_et_gb_content_width":"","footnotes":""},"categories":[2],"tags":[25],"class_list":["post-562","post","type-post","status-publish","format-standard","has-post-thumbnail","hentry","category-autorenportraets","tag-autorenportraets"],"yoast_head":"<!-- This site is optimized with the Yoast SEO plugin v24.8.1 - https:\/\/yoast.com\/wordpress\/plugins\/seo\/ -->\n<title>Bertolt Brecht - K\u00f6nigs Erl\u00e4uterungen \u2013 Infothek - Autorenportr\u00e4ts<\/title>\n<meta name=\"description\" content=\"Bertolt Brecht war ein Literat des 20. Jahrhunderts, der 1898 geboren wurde. Noch heute werden seine Werke im Deutschunterricht behandelt.\" \/>\n<meta name=\"robots\" content=\"index, follow, max-snippet:-1, max-image-preview:large, max-video-preview:-1\" \/>\n<link rel=\"canonical\" href=\"https:\/\/lektueren-verstehen.de\/infothek\/autorenportraets\/bertolt-brecht\/\" \/>\n<meta property=\"og:locale\" content=\"de_DE\" \/>\n<meta property=\"og:type\" content=\"article\" \/>\n<meta property=\"og:title\" content=\"Bertolt Brecht - K\u00f6nigs Erl\u00e4uterungen \u2013 Infothek - Autorenportr\u00e4ts\" \/>\n<meta property=\"og:description\" content=\"Bertolt Brecht war ein Literat des 20. Jahrhunderts, der 1898 geboren wurde. Noch heute werden seine Werke im Deutschunterricht behandelt.\" \/>\n<meta property=\"og:url\" content=\"https:\/\/lektueren-verstehen.de\/infothek\/autorenportraets\/bertolt-brecht\/\" \/>\n<meta property=\"og:site_name\" content=\"K\u00f6nigs Erl\u00e4uterungen \u2013 Infothek\" \/>\n<meta property=\"article:published_time\" content=\"2021-05-05T10:00:00+00:00\" \/>\n<meta property=\"og:image\" content=\"https:\/\/lektueren-verstehen.de\/infothek\/wp-content\/uploads\/2021\/05\/Bertolt-Brecht_Beitragsbild.png\" \/>\n\t<meta property=\"og:image:width\" content=\"730\" \/>\n\t<meta property=\"og:image:height\" content=\"375\" \/>\n\t<meta property=\"og:image:type\" content=\"image\/png\" \/>\n<meta name=\"author\" content=\"lektuere-verstehen\" \/>\n<meta name=\"twitter:card\" content=\"summary_large_image\" \/>\n<meta name=\"twitter:label1\" content=\"Verfasst von\" \/>\n\t<meta name=\"twitter:data1\" content=\"lektuere-verstehen\" \/>\n\t<meta name=\"twitter:label2\" content=\"Gesch\u00e4tzte Lesezeit\" \/>\n\t<meta name=\"twitter:data2\" content=\"2\u00a0Minuten\" \/>\n<script type=\"application\/ld+json\" class=\"yoast-schema-graph\">{\"@context\":\"https:\/\/schema.org\",\"@graph\":[{\"@type\":\"Article\",\"@id\":\"https:\/\/lektueren-verstehen.de\/infothek\/autorenportraets\/bertolt-brecht\/#article\",\"isPartOf\":{\"@id\":\"https:\/\/lektueren-verstehen.de\/infothek\/autorenportraets\/bertolt-brecht\/\"},\"author\":{\"name\":\"lektuere-verstehen\",\"@id\":\"https:\/\/lektueren-verstehen.de\/infothek\/#\/schema\/person\/73fc90198327e4e71bfbf8c295ed6c3b\"},\"headline\":\"Bertolt Brecht\",\"datePublished\":\"2021-05-05T10:00:00+00:00\",\"mainEntityOfPage\":{\"@id\":\"https:\/\/lektueren-verstehen.de\/infothek\/autorenportraets\/bertolt-brecht\/\"},\"wordCount\":386,\"commentCount\":0,\"publisher\":{\"@id\":\"https:\/\/lektueren-verstehen.de\/infothek\/#organization\"},\"image\":{\"@id\":\"https:\/\/lektueren-verstehen.de\/infothek\/autorenportraets\/bertolt-brecht\/#primaryimage\"},\"thumbnailUrl\":\"https:\/\/lektueren-verstehen.de\/infothek\/wp-content\/uploads\/2021\/05\/Bertolt-Brecht_Beitragsbild.png\",\"keywords\":[\"Autorenportr\u00e4ts\"],\"articleSection\":[\"Autorenportr\u00e4ts\"],\"inLanguage\":\"de\",\"potentialAction\":[{\"@type\":\"CommentAction\",\"name\":\"Comment\",\"target\":[\"https:\/\/lektueren-verstehen.de\/infothek\/autorenportraets\/bertolt-brecht\/#respond\"]}]},{\"@type\":\"WebPage\",\"@id\":\"https:\/\/lektueren-verstehen.de\/infothek\/autorenportraets\/bertolt-brecht\/\",\"url\":\"https:\/\/lektueren-verstehen.de\/infothek\/autorenportraets\/bertolt-brecht\/\",\"name\":\"Bertolt Brecht - K\u00f6nigs Erl\u00e4uterungen \u2013 Infothek - Autorenportr\u00e4ts\",\"isPartOf\":{\"@id\":\"https:\/\/lektueren-verstehen.de\/infothek\/#website\"},\"primaryImageOfPage\":{\"@id\":\"https:\/\/lektueren-verstehen.de\/infothek\/autorenportraets\/bertolt-brecht\/#primaryimage\"},\"image\":{\"@id\":\"https:\/\/lektueren-verstehen.de\/infothek\/autorenportraets\/bertolt-brecht\/#primaryimage\"},\"thumbnailUrl\":\"https:\/\/lektueren-verstehen.de\/infothek\/wp-content\/uploads\/2021\/05\/Bertolt-Brecht_Beitragsbild.png\",\"datePublished\":\"2021-05-05T10:00:00+00:00\",\"description\":\"Bertolt Brecht war ein Literat des 20. Jahrhunderts, der 1898 geboren wurde. Noch heute werden seine Werke im Deutschunterricht behandelt.\",\"breadcrumb\":{\"@id\":\"https:\/\/lektueren-verstehen.de\/infothek\/autorenportraets\/bertolt-brecht\/#breadcrumb\"},\"inLanguage\":\"de\",\"potentialAction\":[{\"@type\":\"ReadAction\",\"target\":[\"https:\/\/lektueren-verstehen.de\/infothek\/autorenportraets\/bertolt-brecht\/\"]}]},{\"@type\":\"ImageObject\",\"inLanguage\":\"de\",\"@id\":\"https:\/\/lektueren-verstehen.de\/infothek\/autorenportraets\/bertolt-brecht\/#primaryimage\",\"url\":\"https:\/\/lektueren-verstehen.de\/infothek\/wp-content\/uploads\/2021\/05\/Bertolt-Brecht_Beitragsbild.png\",\"contentUrl\":\"https:\/\/lektueren-verstehen.de\/infothek\/wp-content\/uploads\/2021\/05\/Bertolt-Brecht_Beitragsbild.png\",\"width\":730,\"height\":375,\"caption\":\"Eine schwarz-wei\u00dfe Bleistiftzeichnung von Bertolt Brecht, dargestellt mit kurzen Haaren, Brille, ernstem Gesichtsausdruck und einem Hemd mit Kragen.\"},{\"@type\":\"BreadcrumbList\",\"@id\":\"https:\/\/lektueren-verstehen.de\/infothek\/autorenportraets\/bertolt-brecht\/#breadcrumb\",\"itemListElement\":[{\"@type\":\"ListItem\",\"position\":1,\"name\":\"Home\",\"item\":\"https:\/\/lektueren-verstehen.de\/infothek\/\"},{\"@type\":\"ListItem\",\"position\":2,\"name\":\"Bertolt Brecht\"}]},{\"@type\":\"WebSite\",\"@id\":\"https:\/\/lektueren-verstehen.de\/infothek\/#website\",\"url\":\"https:\/\/lektueren-verstehen.de\/infothek\/\",\"name\":\"K\u00f6nigs Erl\u00e4uterungen \u2013 Infothek\",\"description\":\"Das Lekt\u00fcrehilfe-Portal\",\"publisher\":{\"@id\":\"https:\/\/lektueren-verstehen.de\/infothek\/#organization\"},\"potentialAction\":[{\"@type\":\"SearchAction\",\"target\":{\"@type\":\"EntryPoint\",\"urlTemplate\":\"https:\/\/lektueren-verstehen.de\/infothek\/?s={search_term_string}\"},\"query-input\":{\"@type\":\"PropertyValueSpecification\",\"valueRequired\":true,\"valueName\":\"search_term_string\"}}],\"inLanguage\":\"de\"},{\"@type\":\"Organization\",\"@id\":\"https:\/\/lektueren-verstehen.de\/infothek\/#organization\",\"name\":\"C. Bange Verlag GmbH\",\"url\":\"https:\/\/lektueren-verstehen.de\/infothek\/\",\"logo\":{\"@type\":\"ImageObject\",\"inLanguage\":\"de\",\"@id\":\"https:\/\/lektueren-verstehen.de\/infothek\/#\/schema\/logo\/image\/\",\"url\":\"https:\/\/lektueren-verstehen.de\/infothek\/wp-content\/uploads\/2019\/12\/bange_logo.b74e66a0.png\",\"contentUrl\":\"https:\/\/lektueren-verstehen.de\/infothek\/wp-content\/uploads\/2019\/12\/bange_logo.b74e66a0.png\",\"width\":417,\"height\":183,\"caption\":\"C. Bange Verlag GmbH\"},\"image\":{\"@id\":\"https:\/\/lektueren-verstehen.de\/infothek\/#\/schema\/logo\/image\/\"}},{\"@type\":\"Person\",\"@id\":\"https:\/\/lektueren-verstehen.de\/infothek\/#\/schema\/person\/73fc90198327e4e71bfbf8c295ed6c3b\",\"name\":\"lektuere-verstehen\"}]}<\/script>\n<!-- \/ Yoast SEO plugin. -->","yoast_head_json":{"title":"Bertolt Brecht - K\u00f6nigs Erl\u00e4uterungen \u2013 Infothek - Autorenportr\u00e4ts","description":"Bertolt Brecht war ein Literat des 20. Jahrhunderts, der 1898 geboren wurde. Noch heute werden seine Werke im Deutschunterricht behandelt.","robots":{"index":"index","follow":"follow","max-snippet":"max-snippet:-1","max-image-preview":"max-image-preview:large","max-video-preview":"max-video-preview:-1"},"canonical":"https:\/\/lektueren-verstehen.de\/infothek\/autorenportraets\/bertolt-brecht\/","og_locale":"de_DE","og_type":"article","og_title":"Bertolt Brecht - K\u00f6nigs Erl\u00e4uterungen \u2013 Infothek - Autorenportr\u00e4ts","og_description":"Bertolt Brecht war ein Literat des 20. Jahrhunderts, der 1898 geboren wurde. Noch heute werden seine Werke im Deutschunterricht behandelt.","og_url":"https:\/\/lektueren-verstehen.de\/infothek\/autorenportraets\/bertolt-brecht\/","og_site_name":"K\u00f6nigs Erl\u00e4uterungen \u2013 Infothek","article_published_time":"2021-05-05T10:00:00+00:00","og_image":[{"width":730,"height":375,"url":"https:\/\/lektueren-verstehen.de\/infothek\/wp-content\/uploads\/2021\/05\/Bertolt-Brecht_Beitragsbild.png","type":"image\/png"}],"author":"lektuere-verstehen","twitter_card":"summary_large_image","twitter_misc":{"Verfasst von":"lektuere-verstehen","Gesch\u00e4tzte Lesezeit":"2\u00a0Minuten"},"schema":{"@context":"https:\/\/schema.org","@graph":[{"@type":"Article","@id":"https:\/\/lektueren-verstehen.de\/infothek\/autorenportraets\/bertolt-brecht\/#article","isPartOf":{"@id":"https:\/\/lektueren-verstehen.de\/infothek\/autorenportraets\/bertolt-brecht\/"},"author":{"name":"lektuere-verstehen","@id":"https:\/\/lektueren-verstehen.de\/infothek\/#\/schema\/person\/73fc90198327e4e71bfbf8c295ed6c3b"},"headline":"Bertolt Brecht","datePublished":"2021-05-05T10:00:00+00:00","mainEntityOfPage":{"@id":"https:\/\/lektueren-verstehen.de\/infothek\/autorenportraets\/bertolt-brecht\/"},"wordCount":386,"commentCount":0,"publisher":{"@id":"https:\/\/lektueren-verstehen.de\/infothek\/#organization"},"image":{"@id":"https:\/\/lektueren-verstehen.de\/infothek\/autorenportraets\/bertolt-brecht\/#primaryimage"},"thumbnailUrl":"https:\/\/lektueren-verstehen.de\/infothek\/wp-content\/uploads\/2021\/05\/Bertolt-Brecht_Beitragsbild.png","keywords":["Autorenportr\u00e4ts"],"articleSection":["Autorenportr\u00e4ts"],"inLanguage":"de","potentialAction":[{"@type":"CommentAction","name":"Comment","target":["https:\/\/lektueren-verstehen.de\/infothek\/autorenportraets\/bertolt-brecht\/#respond"]}]},{"@type":"WebPage","@id":"https:\/\/lektueren-verstehen.de\/infothek\/autorenportraets\/bertolt-brecht\/","url":"https:\/\/lektueren-verstehen.de\/infothek\/autorenportraets\/bertolt-brecht\/","name":"Bertolt Brecht - K\u00f6nigs Erl\u00e4uterungen \u2013 Infothek - Autorenportr\u00e4ts","isPartOf":{"@id":"https:\/\/lektueren-verstehen.de\/infothek\/#website"},"primaryImageOfPage":{"@id":"https:\/\/lektueren-verstehen.de\/infothek\/autorenportraets\/bertolt-brecht\/#primaryimage"},"image":{"@id":"https:\/\/lektueren-verstehen.de\/infothek\/autorenportraets\/bertolt-brecht\/#primaryimage"},"thumbnailUrl":"https:\/\/lektueren-verstehen.de\/infothek\/wp-content\/uploads\/2021\/05\/Bertolt-Brecht_Beitragsbild.png","datePublished":"2021-05-05T10:00:00+00:00","description":"Bertolt Brecht war ein Literat des 20. Jahrhunderts, der 1898 geboren wurde. Noch heute werden seine Werke im Deutschunterricht behandelt.","breadcrumb":{"@id":"https:\/\/lektueren-verstehen.de\/infothek\/autorenportraets\/bertolt-brecht\/#breadcrumb"},"inLanguage":"de","potentialAction":[{"@type":"ReadAction","target":["https:\/\/lektueren-verstehen.de\/infothek\/autorenportraets\/bertolt-brecht\/"]}]},{"@type":"ImageObject","inLanguage":"de","@id":"https:\/\/lektueren-verstehen.de\/infothek\/autorenportraets\/bertolt-brecht\/#primaryimage","url":"https:\/\/lektueren-verstehen.de\/infothek\/wp-content\/uploads\/2021\/05\/Bertolt-Brecht_Beitragsbild.png","contentUrl":"https:\/\/lektueren-verstehen.de\/infothek\/wp-content\/uploads\/2021\/05\/Bertolt-Brecht_Beitragsbild.png","width":730,"height":375,"caption":"Eine schwarz-wei\u00dfe Bleistiftzeichnung von Bertolt Brecht, dargestellt mit kurzen Haaren, Brille, ernstem Gesichtsausdruck und einem Hemd mit Kragen."},{"@type":"BreadcrumbList","@id":"https:\/\/lektueren-verstehen.de\/infothek\/autorenportraets\/bertolt-brecht\/#breadcrumb","itemListElement":[{"@type":"ListItem","position":1,"name":"Home","item":"https:\/\/lektueren-verstehen.de\/infothek\/"},{"@type":"ListItem","position":2,"name":"Bertolt Brecht"}]},{"@type":"WebSite","@id":"https:\/\/lektueren-verstehen.de\/infothek\/#website","url":"https:\/\/lektueren-verstehen.de\/infothek\/","name":"K\u00f6nigs Erl\u00e4uterungen \u2013 Infothek","description":"Das Lekt\u00fcrehilfe-Portal","publisher":{"@id":"https:\/\/lektueren-verstehen.de\/infothek\/#organization"},"potentialAction":[{"@type":"SearchAction","target":{"@type":"EntryPoint","urlTemplate":"https:\/\/lektueren-verstehen.de\/infothek\/?s={search_term_string}"},"query-input":{"@type":"PropertyValueSpecification","valueRequired":true,"valueName":"search_term_string"}}],"inLanguage":"de"},{"@type":"Organization","@id":"https:\/\/lektueren-verstehen.de\/infothek\/#organization","name":"C. Bange Verlag GmbH","url":"https:\/\/lektueren-verstehen.de\/infothek\/","logo":{"@type":"ImageObject","inLanguage":"de","@id":"https:\/\/lektueren-verstehen.de\/infothek\/#\/schema\/logo\/image\/","url":"https:\/\/lektueren-verstehen.de\/infothek\/wp-content\/uploads\/2019\/12\/bange_logo.b74e66a0.png","contentUrl":"https:\/\/lektueren-verstehen.de\/infothek\/wp-content\/uploads\/2019\/12\/bange_logo.b74e66a0.png","width":417,"height":183,"caption":"C. Bange Verlag GmbH"},"image":{"@id":"https:\/\/lektueren-verstehen.de\/infothek\/#\/schema\/logo\/image\/"}},{"@type":"Person","@id":"https:\/\/lektueren-verstehen.de\/infothek\/#\/schema\/person\/73fc90198327e4e71bfbf8c295ed6c3b","name":"lektuere-verstehen"}]}},"_links":{"self":[{"href":"https:\/\/lektueren-verstehen.de\/infothek\/wp-json\/wp\/v2\/posts\/562","targetHints":{"allow":["GET"]}}],"collection":[{"href":"https:\/\/lektueren-verstehen.de\/infothek\/wp-json\/wp\/v2\/posts"}],"about":[{"href":"https:\/\/lektueren-verstehen.de\/infothek\/wp-json\/wp\/v2\/types\/post"}],"author":[{"embeddable":true,"href":"https:\/\/lektueren-verstehen.de\/infothek\/wp-json\/wp\/v2\/users\/1"}],"replies":[{"embeddable":true,"href":"https:\/\/lektueren-verstehen.de\/infothek\/wp-json\/wp\/v2\/comments?post=562"}],"version-history":[{"count":3,"href":"https:\/\/lektueren-verstehen.de\/infothek\/wp-json\/wp\/v2\/posts\/562\/revisions"}],"predecessor-version":[{"id":567,"href":"https:\/\/lektueren-verstehen.de\/infothek\/wp-json\/wp\/v2\/posts\/562\/revisions\/567"}],"wp:featuredmedia":[{"embeddable":true,"href":"https:\/\/lektueren-verstehen.de\/infothek\/wp-json\/wp\/v2\/media\/565"}],"wp:attachment":[{"href":"https:\/\/lektueren-verstehen.de\/infothek\/wp-json\/wp\/v2\/media?parent=562"}],"wp:term":[{"taxonomy":"category","embeddable":true,"href":"https:\/\/lektueren-verstehen.de\/infothek\/wp-json\/wp\/v2\/categories?post=562"},{"taxonomy":"post_tag","embeddable":true,"href":"https:\/\/lektueren-verstehen.de\/infothek\/wp-json\/wp\/v2\/tags?post=562"}],"curies":[{"name":"wp","href":"https:\/\/api.w.org\/{rel}","templated":true}]}}