{"id":778,"date":"2021-07-14T10:00:00","date_gmt":"2021-07-14T10:00:00","guid":{"rendered":"https:\/\/lektueren-verstehen.de\/infothek\/?p=778"},"modified":"2021-07-13T09:16:32","modified_gmt":"2021-07-13T09:16:32","slug":"martin-luther","status":"publish","type":"post","link":"https:\/\/lektueren-verstehen.de\/infothek\/autorenportraets\/martin-luther\/","title":{"rendered":"Martin Luther"},"content":{"rendered":"\n<h2 class=\"has-black-color has-text-color wp-block-heading\">Fakten \u00fcber Martin Luther<\/h2>\n\n\n\n<p class=\"has-black-color has-text-color\">* 10. November 1483 in Eisleben<br>\u2020 18. Februar 1546 in Eisleben<\/p>\n\n\n\n<h2 class=\"has-black-color has-text-color wp-block-heading\">Leben<\/h2>\n\n\n\n<p class=\"has-black-color has-text-color\">Martin Luther wurde am 10. November 1483 in Eisleben als Sohn eines Bergbauers geboren. Die Familie siedelte bald nach Mansfeld \u00fcber, wo Luther die Trivialschule besuchte. Danach ging er auf die Domschule in Magdeburg, sp\u00e4ter auf die St. Georg Pfarrschule in Eisenach. 1501 studierte er an der Universit\u00e4t in Erfurt. Auf Wunsch des Vaters sollte er anschlie\u00dfend Jura studieren, doch Luther wurde lieber M\u00f6nch. Er trat darauf in das Erfurter Augustiner-Eremiten-Kloster ein. Hier verbrachte er die meiste Zeit mit dem Bibelstudium. 1507 erhielt Luther die Priesterweihe und begann alsbald ein Theologiestudium. 1512 war Luther bereits Doktor der Theologie und \u00fcbernahm eine Bibelprofessur an der Wittenbergischen Universit\u00e4t. Am 31.10.1517 ver\u00f6ffentlichte Luther seine ber\u00fchmten Thesen gegen die Bu\u00dfdurchf\u00fchrungen der Kirche. Er geriet daraufhin in starken Konflikt mit dem Pabst, der ihn verbannte. Au\u00dferdem wurde er 1521 auf dem Reichstag zu Worms vom Kaiser ge\u00e4chtet. Luther fand aber Schutz auf der Wartburg. Nach fast einem Jahr kehrte er wieder nach Wittenberg zur\u00fcck und heiratete die ehemalige Nonne Katharina von Bora. Mit ihr hatte er sechs Kinder, von denen aber drei bereits in sehr fr\u00fchen Alter starben. Geplagt von vielen Krankheiten an seinem Lebensende, starb er schlie\u00dflich am 18. Februar 1546 in Eisleben.<\/p>\n\n\n\n<p class=\"has-black-color has-text-color\">W\u00e4hrend der Zeit auf der Wartburg nahm er die Bibel\u00fcbersetzung des Neuen Testaments aus dem Griechischen ins Deutsche in nur wenigen Wochen vor. Die \u00dcbersetzung des Alten Testaments dauerte bis 1524. Luther trug mit seinen \u00dcbersetzungen erheblich zur F\u00f6rderung einer deutschen Hochsprache bei.<\/p>\n\n\n\n<p class=\"has-black-color has-text-color\">Die Folge seiner Reformversuche war der Ausbruch von Bauernkriegen, die sich auf ihn oder die Theologie beriefen. Luther versuchte vergebens zwischen den Fronten der Bauern und Adligen zu vermitteln.<\/p>\n\n\n\n<h2 class=\"has-black-color has-text-color wp-block-heading\">Werke<\/h2>\n\n\n\n<p class=\"has-black-color has-text-color\">Fabeln:<\/p>\n\n\n\n<ul class=\"has-black-color has-text-color wp-block-list\"><li>Der Hund im Wasser<\/li><li>Vom Frosch und der Maus<\/li><li>Von der Stadtmaus und der Feldmaus<\/li><\/ul>\n\n\n\n<figure class=\"wp-block-embed is-type-video is-provider-youtube wp-block-embed-youtube wp-embed-aspect-16-9 wp-has-aspect-ratio\"><div class=\"wp-block-embed__wrapper\">\n<iframe loading=\"lazy\" title=\"Der Martin-Luther-Check | Reportage f\u00fcr Kinder | Checker Tobi\" width=\"1080\" height=\"608\" src=\"https:\/\/www.youtube.com\/embed\/7H8ttfZVSlo?feature=oembed\"  allow=\"accelerometer; autoplay; clipboard-write; encrypted-media; gyroscope; picture-in-picture\" allowfullscreen><\/iframe>\n<\/div><\/figure>\n\n\n\n<p class=\"has-black-color has-text-color\">Solltest du Fragen zu diesem Artikel haben, schreibe sie uns in die Kommentare und wir werden sie so schnell wie m\u00f6glich beantworten.<\/p>\n","protected":false},"excerpt":{"rendered":"<p>Martin Luther wurde am 10. November 1483 in Eisleben als Sohn eines Bergbauers geboren. Die Familie siedelte bald nach Mansfeld \u00fcber, wo Luther die Trivialschule besuchte.<\/p>\n","protected":false},"author":1,"featured_media":780,"comment_status":"open","ping_status":"open","sticky":false,"template":"","format":"standard","meta":{"_et_pb_use_builder":"","_et_pb_old_content":"","_et_gb_content_width":"","footnotes":""},"categories":[2],"tags":[25],"class_list":["post-778","post","type-post","status-publish","format-standard","has-post-thumbnail","hentry","category-autorenportraets","tag-autorenportraets"],"yoast_head":"<!-- This site is optimized with the Yoast SEO plugin v24.8.1 - https:\/\/yoast.com\/wordpress\/plugins\/seo\/ -->\n<title>K\u00f6nigs Erl\u00e4uterungen \u2013 Infothek - Martin Luther - Autorenportr\u00e4ts<\/title>\n<meta name=\"description\" content=\"Martin Luther wurde am 10. November 1483 in Eisleben als Sohn eines Bergbauers geboren. Die Familie siedelte bald nach Mansfeld \u00fcber.\" \/>\n<meta name=\"robots\" content=\"index, follow, max-snippet:-1, max-image-preview:large, max-video-preview:-1\" \/>\n<link rel=\"canonical\" href=\"https:\/\/lektueren-verstehen.de\/infothek\/autorenportraets\/martin-luther\/\" \/>\n<meta property=\"og:locale\" content=\"de_DE\" \/>\n<meta property=\"og:type\" content=\"article\" \/>\n<meta property=\"og:title\" content=\"K\u00f6nigs Erl\u00e4uterungen \u2013 Infothek - Martin Luther - Autorenportr\u00e4ts\" \/>\n<meta property=\"og:description\" content=\"Martin Luther wurde am 10. November 1483 in Eisleben als Sohn eines Bergbauers geboren. Die Familie siedelte bald nach Mansfeld \u00fcber.\" \/>\n<meta property=\"og:url\" content=\"https:\/\/lektueren-verstehen.de\/infothek\/autorenportraets\/martin-luther\/\" \/>\n<meta property=\"og:site_name\" content=\"K\u00f6nigs Erl\u00e4uterungen \u2013 Infothek\" \/>\n<meta property=\"article:published_time\" content=\"2021-07-14T10:00:00+00:00\" \/>\n<meta property=\"og:image\" content=\"https:\/\/lektueren-verstehen.de\/infothek\/wp-content\/uploads\/2021\/07\/Martin-Luther_Beitragsbild.png\" \/>\n\t<meta property=\"og:image:width\" content=\"730\" \/>\n\t<meta property=\"og:image:height\" content=\"375\" \/>\n\t<meta property=\"og:image:type\" content=\"image\/png\" \/>\n<meta name=\"author\" content=\"lektuere-verstehen\" \/>\n<meta name=\"twitter:card\" content=\"summary_large_image\" \/>\n<meta name=\"twitter:label1\" content=\"Verfasst von\" \/>\n\t<meta name=\"twitter:data1\" content=\"lektuere-verstehen\" \/>\n\t<meta name=\"twitter:label2\" content=\"Gesch\u00e4tzte Lesezeit\" \/>\n\t<meta name=\"twitter:data2\" content=\"2\u00a0Minuten\" \/>\n<script type=\"application\/ld+json\" class=\"yoast-schema-graph\">{\"@context\":\"https:\/\/schema.org\",\"@graph\":[{\"@type\":\"Article\",\"@id\":\"https:\/\/lektueren-verstehen.de\/infothek\/autorenportraets\/martin-luther\/#article\",\"isPartOf\":{\"@id\":\"https:\/\/lektueren-verstehen.de\/infothek\/autorenportraets\/martin-luther\/\"},\"author\":{\"name\":\"lektuere-verstehen\",\"@id\":\"https:\/\/lektueren-verstehen.de\/infothek\/#\/schema\/person\/73fc90198327e4e71bfbf8c295ed6c3b\"},\"headline\":\"Martin Luther\",\"datePublished\":\"2021-07-14T10:00:00+00:00\",\"mainEntityOfPage\":{\"@id\":\"https:\/\/lektueren-verstehen.de\/infothek\/autorenportraets\/martin-luther\/\"},\"wordCount\":339,\"commentCount\":0,\"publisher\":{\"@id\":\"https:\/\/lektueren-verstehen.de\/infothek\/#organization\"},\"image\":{\"@id\":\"https:\/\/lektueren-verstehen.de\/infothek\/autorenportraets\/martin-luther\/#primaryimage\"},\"thumbnailUrl\":\"https:\/\/lektueren-verstehen.de\/infothek\/wp-content\/uploads\/2021\/07\/Martin-Luther_Beitragsbild.png\",\"keywords\":[\"Autorenportr\u00e4ts\"],\"articleSection\":[\"Autorenportr\u00e4ts\"],\"inLanguage\":\"de\",\"potentialAction\":[{\"@type\":\"CommentAction\",\"name\":\"Comment\",\"target\":[\"https:\/\/lektueren-verstehen.de\/infothek\/autorenportraets\/martin-luther\/#respond\"]}]},{\"@type\":\"WebPage\",\"@id\":\"https:\/\/lektueren-verstehen.de\/infothek\/autorenportraets\/martin-luther\/\",\"url\":\"https:\/\/lektueren-verstehen.de\/infothek\/autorenportraets\/martin-luther\/\",\"name\":\"K\u00f6nigs Erl\u00e4uterungen \u2013 Infothek - Martin Luther - Autorenportr\u00e4ts\",\"isPartOf\":{\"@id\":\"https:\/\/lektueren-verstehen.de\/infothek\/#website\"},\"primaryImageOfPage\":{\"@id\":\"https:\/\/lektueren-verstehen.de\/infothek\/autorenportraets\/martin-luther\/#primaryimage\"},\"image\":{\"@id\":\"https:\/\/lektueren-verstehen.de\/infothek\/autorenportraets\/martin-luther\/#primaryimage\"},\"thumbnailUrl\":\"https:\/\/lektueren-verstehen.de\/infothek\/wp-content\/uploads\/2021\/07\/Martin-Luther_Beitragsbild.png\",\"datePublished\":\"2021-07-14T10:00:00+00:00\",\"description\":\"Martin Luther wurde am 10. November 1483 in Eisleben als Sohn eines Bergbauers geboren. Die Familie siedelte bald nach Mansfeld \u00fcber.\",\"breadcrumb\":{\"@id\":\"https:\/\/lektueren-verstehen.de\/infothek\/autorenportraets\/martin-luther\/#breadcrumb\"},\"inLanguage\":\"de\",\"potentialAction\":[{\"@type\":\"ReadAction\",\"target\":[\"https:\/\/lektueren-verstehen.de\/infothek\/autorenportraets\/martin-luther\/\"]}]},{\"@type\":\"ImageObject\",\"inLanguage\":\"de\",\"@id\":\"https:\/\/lektueren-verstehen.de\/infothek\/autorenportraets\/martin-luther\/#primaryimage\",\"url\":\"https:\/\/lektueren-verstehen.de\/infothek\/wp-content\/uploads\/2021\/07\/Martin-Luther_Beitragsbild.png\",\"contentUrl\":\"https:\/\/lektueren-verstehen.de\/infothek\/wp-content\/uploads\/2021\/07\/Martin-Luther_Beitragsbild.png\",\"width\":730,\"height\":375,\"caption\":\"Schwarz-wei\u00dfe Bleistiftskizze von Martin Luther mit Baskenm\u00fctze und Pelzkragen, der mit neutralem Gesichtsausdruck nach vorne blickt.\"},{\"@type\":\"BreadcrumbList\",\"@id\":\"https:\/\/lektueren-verstehen.de\/infothek\/autorenportraets\/martin-luther\/#breadcrumb\",\"itemListElement\":[{\"@type\":\"ListItem\",\"position\":1,\"name\":\"Home\",\"item\":\"https:\/\/lektueren-verstehen.de\/infothek\/\"},{\"@type\":\"ListItem\",\"position\":2,\"name\":\"Martin Luther\"}]},{\"@type\":\"WebSite\",\"@id\":\"https:\/\/lektueren-verstehen.de\/infothek\/#website\",\"url\":\"https:\/\/lektueren-verstehen.de\/infothek\/\",\"name\":\"K\u00f6nigs Erl\u00e4uterungen \u2013 Infothek\",\"description\":\"Das Lekt\u00fcrehilfe-Portal\",\"publisher\":{\"@id\":\"https:\/\/lektueren-verstehen.de\/infothek\/#organization\"},\"potentialAction\":[{\"@type\":\"SearchAction\",\"target\":{\"@type\":\"EntryPoint\",\"urlTemplate\":\"https:\/\/lektueren-verstehen.de\/infothek\/?s={search_term_string}\"},\"query-input\":{\"@type\":\"PropertyValueSpecification\",\"valueRequired\":true,\"valueName\":\"search_term_string\"}}],\"inLanguage\":\"de\"},{\"@type\":\"Organization\",\"@id\":\"https:\/\/lektueren-verstehen.de\/infothek\/#organization\",\"name\":\"C. Bange Verlag GmbH\",\"url\":\"https:\/\/lektueren-verstehen.de\/infothek\/\",\"logo\":{\"@type\":\"ImageObject\",\"inLanguage\":\"de\",\"@id\":\"https:\/\/lektueren-verstehen.de\/infothek\/#\/schema\/logo\/image\/\",\"url\":\"https:\/\/lektueren-verstehen.de\/infothek\/wp-content\/uploads\/2019\/12\/bange_logo.b74e66a0.png\",\"contentUrl\":\"https:\/\/lektueren-verstehen.de\/infothek\/wp-content\/uploads\/2019\/12\/bange_logo.b74e66a0.png\",\"width\":417,\"height\":183,\"caption\":\"C. Bange Verlag GmbH\"},\"image\":{\"@id\":\"https:\/\/lektueren-verstehen.de\/infothek\/#\/schema\/logo\/image\/\"}},{\"@type\":\"Person\",\"@id\":\"https:\/\/lektueren-verstehen.de\/infothek\/#\/schema\/person\/73fc90198327e4e71bfbf8c295ed6c3b\",\"name\":\"lektuere-verstehen\"}]}<\/script>\n<!-- \/ Yoast SEO plugin. -->","yoast_head_json":{"title":"K\u00f6nigs Erl\u00e4uterungen \u2013 Infothek - Martin Luther - Autorenportr\u00e4ts","description":"Martin Luther wurde am 10. November 1483 in Eisleben als Sohn eines Bergbauers geboren. Die Familie siedelte bald nach Mansfeld \u00fcber.","robots":{"index":"index","follow":"follow","max-snippet":"max-snippet:-1","max-image-preview":"max-image-preview:large","max-video-preview":"max-video-preview:-1"},"canonical":"https:\/\/lektueren-verstehen.de\/infothek\/autorenportraets\/martin-luther\/","og_locale":"de_DE","og_type":"article","og_title":"K\u00f6nigs Erl\u00e4uterungen \u2013 Infothek - Martin Luther - Autorenportr\u00e4ts","og_description":"Martin Luther wurde am 10. November 1483 in Eisleben als Sohn eines Bergbauers geboren. Die Familie siedelte bald nach Mansfeld \u00fcber.","og_url":"https:\/\/lektueren-verstehen.de\/infothek\/autorenportraets\/martin-luther\/","og_site_name":"K\u00f6nigs Erl\u00e4uterungen \u2013 Infothek","article_published_time":"2021-07-14T10:00:00+00:00","og_image":[{"width":730,"height":375,"url":"https:\/\/lektueren-verstehen.de\/infothek\/wp-content\/uploads\/2021\/07\/Martin-Luther_Beitragsbild.png","type":"image\/png"}],"author":"lektuere-verstehen","twitter_card":"summary_large_image","twitter_misc":{"Verfasst von":"lektuere-verstehen","Gesch\u00e4tzte Lesezeit":"2\u00a0Minuten"},"schema":{"@context":"https:\/\/schema.org","@graph":[{"@type":"Article","@id":"https:\/\/lektueren-verstehen.de\/infothek\/autorenportraets\/martin-luther\/#article","isPartOf":{"@id":"https:\/\/lektueren-verstehen.de\/infothek\/autorenportraets\/martin-luther\/"},"author":{"name":"lektuere-verstehen","@id":"https:\/\/lektueren-verstehen.de\/infothek\/#\/schema\/person\/73fc90198327e4e71bfbf8c295ed6c3b"},"headline":"Martin Luther","datePublished":"2021-07-14T10:00:00+00:00","mainEntityOfPage":{"@id":"https:\/\/lektueren-verstehen.de\/infothek\/autorenportraets\/martin-luther\/"},"wordCount":339,"commentCount":0,"publisher":{"@id":"https:\/\/lektueren-verstehen.de\/infothek\/#organization"},"image":{"@id":"https:\/\/lektueren-verstehen.de\/infothek\/autorenportraets\/martin-luther\/#primaryimage"},"thumbnailUrl":"https:\/\/lektueren-verstehen.de\/infothek\/wp-content\/uploads\/2021\/07\/Martin-Luther_Beitragsbild.png","keywords":["Autorenportr\u00e4ts"],"articleSection":["Autorenportr\u00e4ts"],"inLanguage":"de","potentialAction":[{"@type":"CommentAction","name":"Comment","target":["https:\/\/lektueren-verstehen.de\/infothek\/autorenportraets\/martin-luther\/#respond"]}]},{"@type":"WebPage","@id":"https:\/\/lektueren-verstehen.de\/infothek\/autorenportraets\/martin-luther\/","url":"https:\/\/lektueren-verstehen.de\/infothek\/autorenportraets\/martin-luther\/","name":"K\u00f6nigs Erl\u00e4uterungen \u2013 Infothek - Martin Luther - Autorenportr\u00e4ts","isPartOf":{"@id":"https:\/\/lektueren-verstehen.de\/infothek\/#website"},"primaryImageOfPage":{"@id":"https:\/\/lektueren-verstehen.de\/infothek\/autorenportraets\/martin-luther\/#primaryimage"},"image":{"@id":"https:\/\/lektueren-verstehen.de\/infothek\/autorenportraets\/martin-luther\/#primaryimage"},"thumbnailUrl":"https:\/\/lektueren-verstehen.de\/infothek\/wp-content\/uploads\/2021\/07\/Martin-Luther_Beitragsbild.png","datePublished":"2021-07-14T10:00:00+00:00","description":"Martin Luther wurde am 10. November 1483 in Eisleben als Sohn eines Bergbauers geboren. Die Familie siedelte bald nach Mansfeld \u00fcber.","breadcrumb":{"@id":"https:\/\/lektueren-verstehen.de\/infothek\/autorenportraets\/martin-luther\/#breadcrumb"},"inLanguage":"de","potentialAction":[{"@type":"ReadAction","target":["https:\/\/lektueren-verstehen.de\/infothek\/autorenportraets\/martin-luther\/"]}]},{"@type":"ImageObject","inLanguage":"de","@id":"https:\/\/lektueren-verstehen.de\/infothek\/autorenportraets\/martin-luther\/#primaryimage","url":"https:\/\/lektueren-verstehen.de\/infothek\/wp-content\/uploads\/2021\/07\/Martin-Luther_Beitragsbild.png","contentUrl":"https:\/\/lektueren-verstehen.de\/infothek\/wp-content\/uploads\/2021\/07\/Martin-Luther_Beitragsbild.png","width":730,"height":375,"caption":"Schwarz-wei\u00dfe Bleistiftskizze von Martin Luther mit Baskenm\u00fctze und Pelzkragen, der mit neutralem Gesichtsausdruck nach vorne blickt."},{"@type":"BreadcrumbList","@id":"https:\/\/lektueren-verstehen.de\/infothek\/autorenportraets\/martin-luther\/#breadcrumb","itemListElement":[{"@type":"ListItem","position":1,"name":"Home","item":"https:\/\/lektueren-verstehen.de\/infothek\/"},{"@type":"ListItem","position":2,"name":"Martin Luther"}]},{"@type":"WebSite","@id":"https:\/\/lektueren-verstehen.de\/infothek\/#website","url":"https:\/\/lektueren-verstehen.de\/infothek\/","name":"K\u00f6nigs Erl\u00e4uterungen \u2013 Infothek","description":"Das Lekt\u00fcrehilfe-Portal","publisher":{"@id":"https:\/\/lektueren-verstehen.de\/infothek\/#organization"},"potentialAction":[{"@type":"SearchAction","target":{"@type":"EntryPoint","urlTemplate":"https:\/\/lektueren-verstehen.de\/infothek\/?s={search_term_string}"},"query-input":{"@type":"PropertyValueSpecification","valueRequired":true,"valueName":"search_term_string"}}],"inLanguage":"de"},{"@type":"Organization","@id":"https:\/\/lektueren-verstehen.de\/infothek\/#organization","name":"C. Bange Verlag GmbH","url":"https:\/\/lektueren-verstehen.de\/infothek\/","logo":{"@type":"ImageObject","inLanguage":"de","@id":"https:\/\/lektueren-verstehen.de\/infothek\/#\/schema\/logo\/image\/","url":"https:\/\/lektueren-verstehen.de\/infothek\/wp-content\/uploads\/2019\/12\/bange_logo.b74e66a0.png","contentUrl":"https:\/\/lektueren-verstehen.de\/infothek\/wp-content\/uploads\/2019\/12\/bange_logo.b74e66a0.png","width":417,"height":183,"caption":"C. Bange Verlag GmbH"},"image":{"@id":"https:\/\/lektueren-verstehen.de\/infothek\/#\/schema\/logo\/image\/"}},{"@type":"Person","@id":"https:\/\/lektueren-verstehen.de\/infothek\/#\/schema\/person\/73fc90198327e4e71bfbf8c295ed6c3b","name":"lektuere-verstehen"}]}},"_links":{"self":[{"href":"https:\/\/lektueren-verstehen.de\/infothek\/wp-json\/wp\/v2\/posts\/778","targetHints":{"allow":["GET"]}}],"collection":[{"href":"https:\/\/lektueren-verstehen.de\/infothek\/wp-json\/wp\/v2\/posts"}],"about":[{"href":"https:\/\/lektueren-verstehen.de\/infothek\/wp-json\/wp\/v2\/types\/post"}],"author":[{"embeddable":true,"href":"https:\/\/lektueren-verstehen.de\/infothek\/wp-json\/wp\/v2\/users\/1"}],"replies":[{"embeddable":true,"href":"https:\/\/lektueren-verstehen.de\/infothek\/wp-json\/wp\/v2\/comments?post=778"}],"version-history":[{"count":5,"href":"https:\/\/lektueren-verstehen.de\/infothek\/wp-json\/wp\/v2\/posts\/778\/revisions"}],"predecessor-version":[{"id":902,"href":"https:\/\/lektueren-verstehen.de\/infothek\/wp-json\/wp\/v2\/posts\/778\/revisions\/902"}],"wp:featuredmedia":[{"embeddable":true,"href":"https:\/\/lektueren-verstehen.de\/infothek\/wp-json\/wp\/v2\/media\/780"}],"wp:attachment":[{"href":"https:\/\/lektueren-verstehen.de\/infothek\/wp-json\/wp\/v2\/media?parent=778"}],"wp:term":[{"taxonomy":"category","embeddable":true,"href":"https:\/\/lektueren-verstehen.de\/infothek\/wp-json\/wp\/v2\/categories?post=778"},{"taxonomy":"post_tag","embeddable":true,"href":"https:\/\/lektueren-verstehen.de\/infothek\/wp-json\/wp\/v2\/tags?post=778"}],"curies":[{"name":"wp","href":"https:\/\/api.w.org\/{rel}","templated":true}]}}