{"id":791,"date":"2021-08-25T10:00:00","date_gmt":"2021-08-25T08:00:00","guid":{"rendered":"https:\/\/lektueren-verstehen.de\/infothek\/?p=791"},"modified":"2021-07-19T11:40:00","modified_gmt":"2021-07-19T09:40:00","slug":"wolfgang-borchert","status":"publish","type":"post","link":"https:\/\/lektueren-verstehen.de\/infothek\/autorenportraets\/wolfgang-borchert\/","title":{"rendered":"Wolfgang Borchert"},"content":{"rendered":"\n<h2 class=\"has-black-color has-text-color wp-block-heading\">Fakten<\/h2>\n\n\n\n<p class=\"has-black-color has-text-color\">* Mai 1921 in Hamburg<br>\u2020 20. November 1947 in Basel, Schweiz<\/p>\n\n\n\n<h2 class=\"has-black-color has-text-color wp-block-heading\">Leben von Wolfgang Borchert<\/h2>\n\n\n\n<p class=\"has-black-color has-text-color\">Wolfgang Borchert wurde am 20. Mai 1921 in Hamburg als Sohn eines Lehrers geboren. 1939 begann er eine Lehre als Buchh\u00e4ndler, die er jedoch abbrach, da er eine Schauspielerausbildung absolvierte. 1941 wurde er als Soldat in den Zweiten Weltkrieg eingezogen und schwer verwundet. Daraufhin wurde Wolfgang Borchert wegen Zersetzung der Wehrkraft angeklagt. Das Gericht sprach ihn frei, jedoch musste er zur Bew\u00e4hrung wieder zur\u00fcck an die Front. Nach Kriegsende 1945 kehrte Borchert nach Hamburg zur\u00fcck. 1947 begab er sich auf eine Kur nach Basel. Dort starb er am 20. November 1947. Bekannt wurde er durch sein Drama Drau\u00dfen vor der T\u00fcr (1947), das zun\u00e4chst als H\u00f6rspiel gesendet und einem Tag nach seinem Tod in Hamburg uraufgef\u00fchrt wurde. Es thematisiert die Heimkehrersituation aus der Gefangenschaft nach dem Zweiten Weltkrieg.<\/p>\n\n\n\n<h2 class=\"has-black-color has-text-color wp-block-heading\">Wolfgang Borcherts Werke<\/h2>\n\n\n\n<ul class=\"has-black-color has-text-color wp-block-list\"><li>An diesem Dienstag (1947)<\/li><li>Die Hundeblume (1947)<\/li><li><a href=\"https:\/\/lektueren-verstehen.de\/wolfgang+borchert\/drau%C3%9Fen+vor+der+t%C3%BCr\/\" target=\"_blank\" rel=\"noreferrer noopener\">Drau\u00dfen vor der T\u00fcr<\/a> (1947)<\/li><\/ul>\n\n\n\n<p class=\"has-black-color has-text-color\">Solltest du Fragen zum Artikel haben, schreibe diese gerne in die Kommentare. Wir werden dir diese schnellstm\u00f6glich beantworten.<\/p>\n","protected":false},"excerpt":{"rendered":"<p>Fakten * Mai 1921 in Hamburg\u2020 20. November 1947 in Basel, Schweiz Leben von Wolfgang Borchert Wolfgang Borchert wurde am 20. Mai 1921 in Hamburg als Sohn eines Lehrers geboren. 1939 begann er eine Lehre als Buchh\u00e4ndler, die er jedoch abbrach, da er eine Schauspielerausbildung absolvierte. 1941 wurde er als Soldat in den Zweiten Weltkrieg [&hellip;]<\/p>\n","protected":false},"author":1,"featured_media":793,"comment_status":"open","ping_status":"open","sticky":false,"template":"","format":"standard","meta":{"_et_pb_use_builder":"","_et_pb_old_content":"","_et_gb_content_width":"","footnotes":""},"categories":[2],"tags":[25],"class_list":["post-791","post","type-post","status-publish","format-standard","has-post-thumbnail","hentry","category-autorenportraets","tag-autorenportraets"],"yoast_head":"<!-- This site is optimized with the Yoast SEO plugin v24.8.1 - https:\/\/yoast.com\/wordpress\/plugins\/seo\/ -->\n<title>K\u00f6nigs Erl\u00e4uterungen \u2013 Infothek - Wolfgang Borchert - Autorenportr\u00e4ts<\/title>\n<meta name=\"description\" content=\"Wolfgang Borchert wurde am 20. Mai 1921 in Hamburg als Sohn eines Lehrers geboren. 1939 begann er eine Lehre als Buchh\u00e4ndler.\" \/>\n<meta name=\"robots\" content=\"index, follow, max-snippet:-1, max-image-preview:large, max-video-preview:-1\" \/>\n<link rel=\"canonical\" href=\"https:\/\/lektueren-verstehen.de\/infothek\/autorenportraets\/wolfgang-borchert\/\" \/>\n<meta property=\"og:locale\" content=\"de_DE\" \/>\n<meta property=\"og:type\" content=\"article\" \/>\n<meta property=\"og:title\" content=\"K\u00f6nigs Erl\u00e4uterungen \u2013 Infothek - Wolfgang Borchert - Autorenportr\u00e4ts\" \/>\n<meta property=\"og:description\" content=\"Wolfgang Borchert wurde am 20. Mai 1921 in Hamburg als Sohn eines Lehrers geboren. 1939 begann er eine Lehre als Buchh\u00e4ndler.\" \/>\n<meta property=\"og:url\" content=\"https:\/\/lektueren-verstehen.de\/infothek\/autorenportraets\/wolfgang-borchert\/\" \/>\n<meta property=\"og:site_name\" content=\"K\u00f6nigs Erl\u00e4uterungen \u2013 Infothek\" \/>\n<meta property=\"article:published_time\" content=\"2021-08-25T08:00:00+00:00\" \/>\n<meta property=\"og:image\" content=\"https:\/\/lektueren-verstehen.de\/infothek\/wp-content\/uploads\/2021\/07\/Wolfgang-Borchert_Beitragsbild.png\" \/>\n\t<meta property=\"og:image:width\" content=\"730\" \/>\n\t<meta property=\"og:image:height\" content=\"375\" \/>\n\t<meta property=\"og:image:type\" content=\"image\/png\" \/>\n<meta name=\"author\" content=\"lektuere-verstehen\" \/>\n<meta name=\"twitter:card\" content=\"summary_large_image\" \/>\n<meta name=\"twitter:label1\" content=\"Verfasst von\" \/>\n\t<meta name=\"twitter:data1\" content=\"lektuere-verstehen\" \/>\n\t<meta name=\"twitter:label2\" content=\"Gesch\u00e4tzte Lesezeit\" \/>\n\t<meta name=\"twitter:data2\" content=\"1\u00a0Minute\" \/>\n<script type=\"application\/ld+json\" class=\"yoast-schema-graph\">{\"@context\":\"https:\/\/schema.org\",\"@graph\":[{\"@type\":\"Article\",\"@id\":\"https:\/\/lektueren-verstehen.de\/infothek\/autorenportraets\/wolfgang-borchert\/#article\",\"isPartOf\":{\"@id\":\"https:\/\/lektueren-verstehen.de\/infothek\/autorenportraets\/wolfgang-borchert\/\"},\"author\":{\"name\":\"lektuere-verstehen\",\"@id\":\"https:\/\/lektueren-verstehen.de\/infothek\/#\/schema\/person\/73fc90198327e4e71bfbf8c295ed6c3b\"},\"headline\":\"Wolfgang Borchert\",\"datePublished\":\"2021-08-25T08:00:00+00:00\",\"mainEntityOfPage\":{\"@id\":\"https:\/\/lektueren-verstehen.de\/infothek\/autorenportraets\/wolfgang-borchert\/\"},\"wordCount\":175,\"commentCount\":0,\"publisher\":{\"@id\":\"https:\/\/lektueren-verstehen.de\/infothek\/#organization\"},\"image\":{\"@id\":\"https:\/\/lektueren-verstehen.de\/infothek\/autorenportraets\/wolfgang-borchert\/#primaryimage\"},\"thumbnailUrl\":\"https:\/\/lektueren-verstehen.de\/infothek\/wp-content\/uploads\/2021\/07\/Wolfgang-Borchert_Beitragsbild.png\",\"keywords\":[\"Autorenportr\u00e4ts\"],\"articleSection\":[\"Autorenportr\u00e4ts\"],\"inLanguage\":\"de\",\"potentialAction\":[{\"@type\":\"CommentAction\",\"name\":\"Comment\",\"target\":[\"https:\/\/lektueren-verstehen.de\/infothek\/autorenportraets\/wolfgang-borchert\/#respond\"]}]},{\"@type\":\"WebPage\",\"@id\":\"https:\/\/lektueren-verstehen.de\/infothek\/autorenportraets\/wolfgang-borchert\/\",\"url\":\"https:\/\/lektueren-verstehen.de\/infothek\/autorenportraets\/wolfgang-borchert\/\",\"name\":\"K\u00f6nigs Erl\u00e4uterungen \u2013 Infothek - Wolfgang Borchert - Autorenportr\u00e4ts\",\"isPartOf\":{\"@id\":\"https:\/\/lektueren-verstehen.de\/infothek\/#website\"},\"primaryImageOfPage\":{\"@id\":\"https:\/\/lektueren-verstehen.de\/infothek\/autorenportraets\/wolfgang-borchert\/#primaryimage\"},\"image\":{\"@id\":\"https:\/\/lektueren-verstehen.de\/infothek\/autorenportraets\/wolfgang-borchert\/#primaryimage\"},\"thumbnailUrl\":\"https:\/\/lektueren-verstehen.de\/infothek\/wp-content\/uploads\/2021\/07\/Wolfgang-Borchert_Beitragsbild.png\",\"datePublished\":\"2021-08-25T08:00:00+00:00\",\"description\":\"Wolfgang Borchert wurde am 20. Mai 1921 in Hamburg als Sohn eines Lehrers geboren. 1939 begann er eine Lehre als Buchh\u00e4ndler.\",\"breadcrumb\":{\"@id\":\"https:\/\/lektueren-verstehen.de\/infothek\/autorenportraets\/wolfgang-borchert\/#breadcrumb\"},\"inLanguage\":\"de\",\"potentialAction\":[{\"@type\":\"ReadAction\",\"target\":[\"https:\/\/lektueren-verstehen.de\/infothek\/autorenportraets\/wolfgang-borchert\/\"]}]},{\"@type\":\"ImageObject\",\"inLanguage\":\"de\",\"@id\":\"https:\/\/lektueren-verstehen.de\/infothek\/autorenportraets\/wolfgang-borchert\/#primaryimage\",\"url\":\"https:\/\/lektueren-verstehen.de\/infothek\/wp-content\/uploads\/2021\/07\/Wolfgang-Borchert_Beitragsbild.png\",\"contentUrl\":\"https:\/\/lektueren-verstehen.de\/infothek\/wp-content\/uploads\/2021\/07\/Wolfgang-Borchert_Beitragsbild.png\",\"width\":730,\"height\":375,\"caption\":\"Eine Bleistiftskizze des Portr\u00e4ts von Wolfgang Borchert, dargestellt mit kurzen, dunklen Haaren, leicht l\u00e4chelnd, mit einem Hemd mit Kragen und nach vorne gerichtet.\"},{\"@type\":\"BreadcrumbList\",\"@id\":\"https:\/\/lektueren-verstehen.de\/infothek\/autorenportraets\/wolfgang-borchert\/#breadcrumb\",\"itemListElement\":[{\"@type\":\"ListItem\",\"position\":1,\"name\":\"Home\",\"item\":\"https:\/\/lektueren-verstehen.de\/infothek\/\"},{\"@type\":\"ListItem\",\"position\":2,\"name\":\"Wolfgang Borchert\"}]},{\"@type\":\"WebSite\",\"@id\":\"https:\/\/lektueren-verstehen.de\/infothek\/#website\",\"url\":\"https:\/\/lektueren-verstehen.de\/infothek\/\",\"name\":\"K\u00f6nigs Erl\u00e4uterungen \u2013 Infothek\",\"description\":\"Das Lekt\u00fcrehilfe-Portal\",\"publisher\":{\"@id\":\"https:\/\/lektueren-verstehen.de\/infothek\/#organization\"},\"potentialAction\":[{\"@type\":\"SearchAction\",\"target\":{\"@type\":\"EntryPoint\",\"urlTemplate\":\"https:\/\/lektueren-verstehen.de\/infothek\/?s={search_term_string}\"},\"query-input\":{\"@type\":\"PropertyValueSpecification\",\"valueRequired\":true,\"valueName\":\"search_term_string\"}}],\"inLanguage\":\"de\"},{\"@type\":\"Organization\",\"@id\":\"https:\/\/lektueren-verstehen.de\/infothek\/#organization\",\"name\":\"C. Bange Verlag GmbH\",\"url\":\"https:\/\/lektueren-verstehen.de\/infothek\/\",\"logo\":{\"@type\":\"ImageObject\",\"inLanguage\":\"de\",\"@id\":\"https:\/\/lektueren-verstehen.de\/infothek\/#\/schema\/logo\/image\/\",\"url\":\"https:\/\/lektueren-verstehen.de\/infothek\/wp-content\/uploads\/2019\/12\/bange_logo.b74e66a0.png\",\"contentUrl\":\"https:\/\/lektueren-verstehen.de\/infothek\/wp-content\/uploads\/2019\/12\/bange_logo.b74e66a0.png\",\"width\":417,\"height\":183,\"caption\":\"C. Bange Verlag GmbH\"},\"image\":{\"@id\":\"https:\/\/lektueren-verstehen.de\/infothek\/#\/schema\/logo\/image\/\"}},{\"@type\":\"Person\",\"@id\":\"https:\/\/lektueren-verstehen.de\/infothek\/#\/schema\/person\/73fc90198327e4e71bfbf8c295ed6c3b\",\"name\":\"lektuere-verstehen\"}]}<\/script>\n<!-- \/ Yoast SEO plugin. -->","yoast_head_json":{"title":"K\u00f6nigs Erl\u00e4uterungen \u2013 Infothek - Wolfgang Borchert - Autorenportr\u00e4ts","description":"Wolfgang Borchert wurde am 20. Mai 1921 in Hamburg als Sohn eines Lehrers geboren. 1939 begann er eine Lehre als Buchh\u00e4ndler.","robots":{"index":"index","follow":"follow","max-snippet":"max-snippet:-1","max-image-preview":"max-image-preview:large","max-video-preview":"max-video-preview:-1"},"canonical":"https:\/\/lektueren-verstehen.de\/infothek\/autorenportraets\/wolfgang-borchert\/","og_locale":"de_DE","og_type":"article","og_title":"K\u00f6nigs Erl\u00e4uterungen \u2013 Infothek - Wolfgang Borchert - Autorenportr\u00e4ts","og_description":"Wolfgang Borchert wurde am 20. Mai 1921 in Hamburg als Sohn eines Lehrers geboren. 1939 begann er eine Lehre als Buchh\u00e4ndler.","og_url":"https:\/\/lektueren-verstehen.de\/infothek\/autorenportraets\/wolfgang-borchert\/","og_site_name":"K\u00f6nigs Erl\u00e4uterungen \u2013 Infothek","article_published_time":"2021-08-25T08:00:00+00:00","og_image":[{"width":730,"height":375,"url":"https:\/\/lektueren-verstehen.de\/infothek\/wp-content\/uploads\/2021\/07\/Wolfgang-Borchert_Beitragsbild.png","type":"image\/png"}],"author":"lektuere-verstehen","twitter_card":"summary_large_image","twitter_misc":{"Verfasst von":"lektuere-verstehen","Gesch\u00e4tzte Lesezeit":"1\u00a0Minute"},"schema":{"@context":"https:\/\/schema.org","@graph":[{"@type":"Article","@id":"https:\/\/lektueren-verstehen.de\/infothek\/autorenportraets\/wolfgang-borchert\/#article","isPartOf":{"@id":"https:\/\/lektueren-verstehen.de\/infothek\/autorenportraets\/wolfgang-borchert\/"},"author":{"name":"lektuere-verstehen","@id":"https:\/\/lektueren-verstehen.de\/infothek\/#\/schema\/person\/73fc90198327e4e71bfbf8c295ed6c3b"},"headline":"Wolfgang Borchert","datePublished":"2021-08-25T08:00:00+00:00","mainEntityOfPage":{"@id":"https:\/\/lektueren-verstehen.de\/infothek\/autorenportraets\/wolfgang-borchert\/"},"wordCount":175,"commentCount":0,"publisher":{"@id":"https:\/\/lektueren-verstehen.de\/infothek\/#organization"},"image":{"@id":"https:\/\/lektueren-verstehen.de\/infothek\/autorenportraets\/wolfgang-borchert\/#primaryimage"},"thumbnailUrl":"https:\/\/lektueren-verstehen.de\/infothek\/wp-content\/uploads\/2021\/07\/Wolfgang-Borchert_Beitragsbild.png","keywords":["Autorenportr\u00e4ts"],"articleSection":["Autorenportr\u00e4ts"],"inLanguage":"de","potentialAction":[{"@type":"CommentAction","name":"Comment","target":["https:\/\/lektueren-verstehen.de\/infothek\/autorenportraets\/wolfgang-borchert\/#respond"]}]},{"@type":"WebPage","@id":"https:\/\/lektueren-verstehen.de\/infothek\/autorenportraets\/wolfgang-borchert\/","url":"https:\/\/lektueren-verstehen.de\/infothek\/autorenportraets\/wolfgang-borchert\/","name":"K\u00f6nigs Erl\u00e4uterungen \u2013 Infothek - Wolfgang Borchert - Autorenportr\u00e4ts","isPartOf":{"@id":"https:\/\/lektueren-verstehen.de\/infothek\/#website"},"primaryImageOfPage":{"@id":"https:\/\/lektueren-verstehen.de\/infothek\/autorenportraets\/wolfgang-borchert\/#primaryimage"},"image":{"@id":"https:\/\/lektueren-verstehen.de\/infothek\/autorenportraets\/wolfgang-borchert\/#primaryimage"},"thumbnailUrl":"https:\/\/lektueren-verstehen.de\/infothek\/wp-content\/uploads\/2021\/07\/Wolfgang-Borchert_Beitragsbild.png","datePublished":"2021-08-25T08:00:00+00:00","description":"Wolfgang Borchert wurde am 20. Mai 1921 in Hamburg als Sohn eines Lehrers geboren. 1939 begann er eine Lehre als Buchh\u00e4ndler.","breadcrumb":{"@id":"https:\/\/lektueren-verstehen.de\/infothek\/autorenportraets\/wolfgang-borchert\/#breadcrumb"},"inLanguage":"de","potentialAction":[{"@type":"ReadAction","target":["https:\/\/lektueren-verstehen.de\/infothek\/autorenportraets\/wolfgang-borchert\/"]}]},{"@type":"ImageObject","inLanguage":"de","@id":"https:\/\/lektueren-verstehen.de\/infothek\/autorenportraets\/wolfgang-borchert\/#primaryimage","url":"https:\/\/lektueren-verstehen.de\/infothek\/wp-content\/uploads\/2021\/07\/Wolfgang-Borchert_Beitragsbild.png","contentUrl":"https:\/\/lektueren-verstehen.de\/infothek\/wp-content\/uploads\/2021\/07\/Wolfgang-Borchert_Beitragsbild.png","width":730,"height":375,"caption":"Eine Bleistiftskizze des Portr\u00e4ts von Wolfgang Borchert, dargestellt mit kurzen, dunklen Haaren, leicht l\u00e4chelnd, mit einem Hemd mit Kragen und nach vorne gerichtet."},{"@type":"BreadcrumbList","@id":"https:\/\/lektueren-verstehen.de\/infothek\/autorenportraets\/wolfgang-borchert\/#breadcrumb","itemListElement":[{"@type":"ListItem","position":1,"name":"Home","item":"https:\/\/lektueren-verstehen.de\/infothek\/"},{"@type":"ListItem","position":2,"name":"Wolfgang Borchert"}]},{"@type":"WebSite","@id":"https:\/\/lektueren-verstehen.de\/infothek\/#website","url":"https:\/\/lektueren-verstehen.de\/infothek\/","name":"K\u00f6nigs Erl\u00e4uterungen \u2013 Infothek","description":"Das Lekt\u00fcrehilfe-Portal","publisher":{"@id":"https:\/\/lektueren-verstehen.de\/infothek\/#organization"},"potentialAction":[{"@type":"SearchAction","target":{"@type":"EntryPoint","urlTemplate":"https:\/\/lektueren-verstehen.de\/infothek\/?s={search_term_string}"},"query-input":{"@type":"PropertyValueSpecification","valueRequired":true,"valueName":"search_term_string"}}],"inLanguage":"de"},{"@type":"Organization","@id":"https:\/\/lektueren-verstehen.de\/infothek\/#organization","name":"C. Bange Verlag GmbH","url":"https:\/\/lektueren-verstehen.de\/infothek\/","logo":{"@type":"ImageObject","inLanguage":"de","@id":"https:\/\/lektueren-verstehen.de\/infothek\/#\/schema\/logo\/image\/","url":"https:\/\/lektueren-verstehen.de\/infothek\/wp-content\/uploads\/2019\/12\/bange_logo.b74e66a0.png","contentUrl":"https:\/\/lektueren-verstehen.de\/infothek\/wp-content\/uploads\/2019\/12\/bange_logo.b74e66a0.png","width":417,"height":183,"caption":"C. Bange Verlag GmbH"},"image":{"@id":"https:\/\/lektueren-verstehen.de\/infothek\/#\/schema\/logo\/image\/"}},{"@type":"Person","@id":"https:\/\/lektueren-verstehen.de\/infothek\/#\/schema\/person\/73fc90198327e4e71bfbf8c295ed6c3b","name":"lektuere-verstehen"}]}},"_links":{"self":[{"href":"https:\/\/lektueren-verstehen.de\/infothek\/wp-json\/wp\/v2\/posts\/791","targetHints":{"allow":["GET"]}}],"collection":[{"href":"https:\/\/lektueren-verstehen.de\/infothek\/wp-json\/wp\/v2\/posts"}],"about":[{"href":"https:\/\/lektueren-verstehen.de\/infothek\/wp-json\/wp\/v2\/types\/post"}],"author":[{"embeddable":true,"href":"https:\/\/lektueren-verstehen.de\/infothek\/wp-json\/wp\/v2\/users\/1"}],"replies":[{"embeddable":true,"href":"https:\/\/lektueren-verstehen.de\/infothek\/wp-json\/wp\/v2\/comments?post=791"}],"version-history":[{"count":3,"href":"https:\/\/lektueren-verstehen.de\/infothek\/wp-json\/wp\/v2\/posts\/791\/revisions"}],"predecessor-version":[{"id":796,"href":"https:\/\/lektueren-verstehen.de\/infothek\/wp-json\/wp\/v2\/posts\/791\/revisions\/796"}],"wp:featuredmedia":[{"embeddable":true,"href":"https:\/\/lektueren-verstehen.de\/infothek\/wp-json\/wp\/v2\/media\/793"}],"wp:attachment":[{"href":"https:\/\/lektueren-verstehen.de\/infothek\/wp-json\/wp\/v2\/media?parent=791"}],"wp:term":[{"taxonomy":"category","embeddable":true,"href":"https:\/\/lektueren-verstehen.de\/infothek\/wp-json\/wp\/v2\/categories?post=791"},{"taxonomy":"post_tag","embeddable":true,"href":"https:\/\/lektueren-verstehen.de\/infothek\/wp-json\/wp\/v2\/tags?post=791"}],"curies":[{"name":"wp","href":"https:\/\/api.w.org\/{rel}","templated":true}]}}